{"id":9992,"date":"2023-06-25T21:21:47","date_gmt":"2023-06-25T19:21:47","guid":{"rendered":"https:\/\/www.bertheau-morgenstern.de\/?p=9992"},"modified":"2023-07-11T13:41:19","modified_gmt":"2023-07-11T11:41:19","slug":"sommerkonzerte-berlin","status":"publish","type":"post","link":"https:\/\/www.bertheau-morgenstern.de\/en\/sommerkonzerte-berlin","title":{"rendered":"Sommerkonzerte Berlin"},"content":{"rendered":"<div class=\"flex_column av-9k4btr-ecf089cee277bb960e5dee6e3d6ce22f av_one_full  avia-builder-el-0  el_before_av_one_half  avia-builder-el-first  first flex_column_div  \"><section class=\"av_textblock_section av-lg0sx78q-5a61bce07d70791edc72ca92b3b5ca9b \" itemscope=\"itemscope\" itemtype=\"https:\/\/schema.org\/BlogPosting\" itemprop=\"blogPost\"><div class=\"avia_textblock\" itemprop=\"text\"><h3>Sommerkonzerte Berlin<\/h3>\n<\/div><\/section><\/div>\n<div class=\"flex_column av-80l0in-3c3eda8295c52f41c99e1a6a9118307f av_one_half  avia-builder-el-2  el_after_av_one_full  el_before_av_one_half  first flex_column_div  column-top-margin\"><div class=\"avia-slideshow av-ljd4m54x-a11547d065dc9b3d909db8c75b9a30d8 avia-slideshow-no scaling av_slideshow avia-fade-slider  avia-builder-el-3  avia-builder-el-no-sibling  av-slideshow-ui av-control-hidden av-no-slider-navigation av-hide-nav-arrows av-slideshow-autoplay av-loop-endless av-loop-manual-endless av-default-height-applied avia-slideshow-1\" data-slideshow-options='{\"animation\":\"fade\",\"autoplay\":true,\"loop_autoplay\":\"endless\",\"interval\":5,\"loop_manual\":\"manual-endless\",\"autoplay_stopper\":false,\"noNavigation\":true,\"bg_slider\":false,\"keep_padding\":false,\"hoverpause\":false,\"show_slide_delay\":0}' itemprop=\"image\" itemscope=\"itemscope\" itemtype=\"https:\/\/schema.org\/ImageObject\"><ul class=\"avia-slideshow-inner \" style=\"padding-bottom: 77.9%;\"><li class=\"avia-slideshow-slide av-ljd4m54x-a11547d065dc9b3d909db8c75b9a30d8__0  slide-1 slide-odd\"><div data-rel=\"slideshow-1\" class=\"avia-slide-wrap \"><img fetchpriority=\"high\" class=\"wp-image-10011 avia-img-lazy-loading-not-10011\" src=\"https:\/\/www.bertheau-morgenstern.de\/msp\/assets\/2023\/06\/sommerkonzerte-berlin-1.jpg\" width=\"1000\" height=\"779\" title=\"sommerkonzerte-berlin-1\" alt=\"\" itemprop=\"thumbnailUrl\"><\/div><\/li><li class=\"avia-slideshow-slide av-ljd4m54x-a11547d065dc9b3d909db8c75b9a30d8__1  slide-2 slide-even\"><div data-rel=\"slideshow-1\" class=\"avia-slide-wrap \"><img fetchpriority=\"high\" class=\"wp-image-10013 avia-img-lazy-loading-not-10013\" src=\"https:\/\/www.bertheau-morgenstern.de\/msp\/assets\/2023\/06\/sommerkonzerte-berlin-2.jpg\" width=\"1000\" height=\"779\" title=\"sommerkonzerte-berlin-2\" alt=\"\" itemprop=\"thumbnailUrl\"><\/div><\/li><\/ul><div class=\"avia-slideshow-arrows avia-slideshow-controls\"><a href=\"#prev\" class=\"prev-slide  avia-svg-icon avia-font-svg_entypo-fontello\" data-av_svg_icon=\"left-open-big\" data-av_iconset=\"svg_entypo-fontello\" tabindex=\"-1\" title=\"Previous\"><svg version=\"1.1\" xmlns=\"http:\/\/www.w3.org\/2000\/svg\" width=\"15\" height=\"32\" viewbox=\"0 0 15 32\" preserveaspectratio=\"xMidYMid meet\" aria-labelledby=\"av-svg-title-1\" aria-describedby=\"av-svg-desc-1\" role=\"graphics-symbol\" aria-hidden=\"true\">\n<title id=\"av-svg-title-1\">Previous<\/title>\n<desc id=\"av-svg-desc-1\">Previous<\/desc>\n<path d=\"M14.464 27.84q0.832 0.832 0 1.536-0.832 0.832-1.536 0l-12.544-12.608q-0.768-0.768 0-1.6l12.544-12.608q0.704-0.832 1.536 0 0.832 0.704 0 1.536l-11.456 11.904z\"><\/path>\n<\/svg><span class=\"avia_hidden_link_text\">Previous<\/span><\/a><a href=\"#next\" class=\"next-slide  avia-svg-icon avia-font-svg_entypo-fontello\" data-av_svg_icon=\"right-open-big\" data-av_iconset=\"svg_entypo-fontello\" tabindex=\"-1\" title=\"Next\"><svg version=\"1.1\" xmlns=\"http:\/\/www.w3.org\/2000\/svg\" width=\"15\" height=\"32\" viewbox=\"0 0 15 32\" preserveaspectratio=\"xMidYMid meet\" aria-labelledby=\"av-svg-title-2\" aria-describedby=\"av-svg-desc-2\" role=\"graphics-symbol\" aria-hidden=\"true\">\n<title id=\"av-svg-title-2\">Next<\/title>\n<desc id=\"av-svg-desc-2\">Next<\/desc>\n<path d=\"M0.416 27.84l11.456-11.84-11.456-11.904q-0.832-0.832 0-1.536 0.832-0.832 1.536 0l12.544 12.608q0.768 0.832 0 1.6l-12.544 12.608q-0.704 0.832-1.536 0-0.832-0.704 0-1.536z\"><\/path>\n<\/svg><span class=\"avia_hidden_link_text\">Next<\/span><\/a><\/div><\/div><\/div><div class=\"flex_column av-aiapr-48114037d3e9fc701c4953ade4838fcc av_one_half  avia-builder-el-4  el_after_av_one_half  avia-builder-el-last  flex_column_div  column-top-margin\"><section class=\"av_textblock_section av-lg0t08nq-03aeafc60852391ef8f1bd00e09f72e9 \" itemscope=\"itemscope\" itemtype=\"https:\/\/schema.org\/BlogPosting\" itemprop=\"blogPost\"><div class=\"avia_textblock\" itemprop=\"text\"><p>Sch\u00fclerinnen und Sch\u00fcler unserer Filialen in Berlin zeigten am 24.6.23 in der Erl\u00f6serkirche in Berlin-Mitte Ihr K\u00f6nnen. Es erklang Musik auf verschiedenen Instrumenten: Querfl\u00f6te, Blockfl\u00f6te, Gitarre, E-Gitarre, Klavier und auch der Gesang kam nicht zu kurz. Ein toller Einstieg in den Sommer.<\/p>\n<\/div><\/section><\/div>\n","protected":false},"excerpt":{"rendered":"","protected":false},"author":1,"featured_media":10011,"comment_status":"closed","ping_status":"closed","sticky":false,"template":"","format":"standard","meta":{"footnotes":""},"categories":[25,24,23],"tags":[],"class_list":["post-9992","post","type-post","status-publish","format-standard","has-post-thumbnail","hentry","category-concerts","category-news","category-presentation"],"publishpress_future_action":{"enabled":false,"date":"2026-05-06 23:09:00","action":"change-status","newStatus":"draft","terms":[],"taxonomy":"category","extraData":[]},"publishpress_future_workflow_manual_trigger":{"enabledWorkflows":[]},"_links":{"self":[{"href":"https:\/\/www.bertheau-morgenstern.de\/en\/wp-json\/wp\/v2\/posts\/9992","targetHints":{"allow":["GET"]}}],"collection":[{"href":"https:\/\/www.bertheau-morgenstern.de\/en\/wp-json\/wp\/v2\/posts"}],"about":[{"href":"https:\/\/www.bertheau-morgenstern.de\/en\/wp-json\/wp\/v2\/types\/post"}],"author":[{"embeddable":true,"href":"https:\/\/www.bertheau-morgenstern.de\/en\/wp-json\/wp\/v2\/users\/1"}],"replies":[{"embeddable":true,"href":"https:\/\/www.bertheau-morgenstern.de\/en\/wp-json\/wp\/v2\/comments?post=9992"}],"version-history":[{"count":2,"href":"https:\/\/www.bertheau-morgenstern.de\/en\/wp-json\/wp\/v2\/posts\/9992\/revisions"}],"predecessor-version":[{"id":10015,"href":"https:\/\/www.bertheau-morgenstern.de\/en\/wp-json\/wp\/v2\/posts\/9992\/revisions\/10015"}],"wp:featuredmedia":[{"embeddable":true,"href":"https:\/\/www.bertheau-morgenstern.de\/en\/wp-json\/wp\/v2\/media\/10011"}],"wp:attachment":[{"href":"https:\/\/www.bertheau-morgenstern.de\/en\/wp-json\/wp\/v2\/media?parent=9992"}],"wp:term":[{"taxonomy":"category","embeddable":true,"href":"https:\/\/www.bertheau-morgenstern.de\/en\/wp-json\/wp\/v2\/categories?post=9992"},{"taxonomy":"post_tag","embeddable":true,"href":"https:\/\/www.bertheau-morgenstern.de\/en\/wp-json\/wp\/v2\/tags?post=9992"}],"curies":[{"name":"wp","href":"https:\/\/api.w.org\/{rel}","templated":true}]}}